{"id":367,"date":"2025-01-23T07:02:38","date_gmt":"2025-01-23T07:02:38","guid":{"rendered":"http:\/\/aura-brain-coaching.at\/?p=367"},"modified":"2025-01-23T07:02:38","modified_gmt":"2025-01-23T07:02:38","slug":"die-prophezeiung-von-kondor-adler","status":"publish","type":"post","link":"http:\/\/aura-brain-coaching.at\/?p=367","title":{"rendered":"Die Prophezeiung von Kondor &#038; Adler"},"content":{"rendered":"\n<p>Paqo Qero erz\u00e4hlt von der Wiedervereinigung der vier Himmelsrichtungen. Dies ist die Zeit, in der der Gro\u00dfe Adler aus dem Norden und der Gro\u00dfe Kondor aus dem S\u00fcden wieder gemeinsam fliegen (eine Metapher, die sich auf Amerika bezieht: Nordamerika und S\u00fcdamerika).<\/p>\n\n\n\n<p>Den alten Aufzeichnungen und der Prophezeiung zufolge <a><\/a>wird es im dritten Jahrtausend zu einem gro\u00dfen Treffen zwischen den Menschen des Adlers und den Menschen des Kondors kommen. Es wird eine Allianz der Zusammenarbeit entstehen, die die Menschheit retten wird. Die Prophezeiung besagt, dass zu Beginn des menschlichen Lebens alle Menschen eine gro\u00dfe Gruppe waren, die sich mit der Zeit in zwei Gruppen aufteilte.<\/p>\n\n\n\n<p>Jede Gruppe folgte einem anderen Entwicklungsweg. Die Adlermenschen waren sehr intellektuell und wissenschaftlich orientiert. Die Kondormenschen waren stark intuitiv und richteten ihr Leben auf die Harmonie mit der Natur aus.<\/p>\n\n\n\n<p>In diesem Jahrtausend entwickeln die Adlermenschen einen h\u00f6heren Sinn f\u00fcr \u00c4sthetik und kognitive F\u00e4higkeiten. Die F\u00e4higkeiten zum Entwerfen und Bauen werden erstaunlich sein. Wissenschaftliches Wissen und Technologie werden ihren H\u00f6hepunkt erreichen. Das wird erstaunliche Werkzeuge hervorbringen, um den Horizont zu erweitern.<\/p>\n\n\n\n<p>Diese Erfolge werden den Anf\u00fchrern der Gruppe enormen materiellen Reichtum bescheren. Ihre \u201eAchillesferse\u201c wird jedoch die geistige Leere sein, die sie gefangen h\u00e4lt. Ihre Existenz wird in Gefahr sein.<\/p>\n\n\n\n<p>Die Kondor-Menschen, Wesen des Herzens, des Geistes und der Sinne, mit einer tiefen Verbindung zur Naturwelt, werden intuitive F\u00e4higkeiten entwickeln. Sie werden den H\u00f6hepunkt der Weisheit ihrer Vorfahren erreichen.<\/p>\n\n\n\n<p>Sie werden die Zyklen der Erde genau kennen und in der Lage sein, mit den Geistern des Tier- und Pflanzenreichs in Beziehung zu treten. Sie werden jedoch nicht wissen, wie sie sich in der materiellen Welt zufriedenstellend entwickeln k\u00f6nnen, da der Adler sich dadurch benachteiligt f\u00fchlen wird. Das wird das gr\u00f6\u00dfte Risiko sein. Die Unf\u00e4higkeit, mit der materiellen Welt zu interagieren, wird ihre Existenz gef\u00e4hrden.<\/p>\n\n\n\n<p>Der Prophezeiung zufolge ist klar, dass die westliche Kultur das Volk des Adlers ist und die Ureinwohner der Welt das Volk des Kondors. Die Prophezeiung erinnert daran, dass beide Gruppen denselben gemeinsamen Ursprung haben und ihr Wissen integrieren sollten, um gemeinsam zu wachsen. Wenn der Adler und der Kondor zur\u00fcckkehren und wieder Fl\u00fcgel an Fl\u00fcgel gemeinsam fliegen, wird die Welt ein neues Gleichgewicht finden.<\/p>\n\n\n\n<p>Weder Adler noch Kondore k\u00f6nnen allein \u00fcberleben. Daf\u00fcr ist die Alchemie einer gegenseitigen Zusammenarbeit erforderlich. Aus dieser Wiedervereinigung wird eine neue \u00c4ra des Bewusstseins im Menschen hervorgehen, die den Adlermenschen f\u00fcr ihre erstaunlichen Leistungen auf rationalem Gebiet Ehre erweisen wird. Und den Kondormenschen Ehre f\u00fcr ihre tiefe Weisheit.<\/p>\n\n\n\n<p>Gemeinsam werden sie die weltweite Krise l\u00f6sen und eine nachhaltige Zukunft f\u00fcr alle schaffen.<\/p>\n\n\n\n<p>Nach der Trennung kamen die Prophezeiungen und zeigen den Nationen die Wege zu ihrer Befreiung und Vereinigung.<\/p>\n\n\n\n<p>Eine dieser Prophezeiungen spricht von der Vereinigung der Tr\u00e4nen, die aus den Herzen des Adlers und des Kondors kommen.<\/p>\n\n\n\n<p>\u201eUnd der Tag wird kommen, an dem Adler und Kondor gemeinsam fliegen werden\u201c. Das war die Botschaft, die uns unsere Gro\u00dfeltern aus dem Norden und S\u00fcden hinterlassen haben. In diesen Zeiten unverzichtbar.<\/p>\n\n\n\n<p>\u201eNach vielen Leben werde ich zur\u00fcckkehren und Millionen von mir sein. Ich werde nicht sterben, sie trennen mich nur von meinem K\u00f6rper.\u201c So prophezeite unser Gro\u00dfvater Ataw Allipak, der letzte Nachkomme der Inka. In unserer Erinnerung sind die Andenkondore anwesend, die Incari oder Feier der angek\u00fcndigten R\u00fcckkehr des Inka, des Lichtwesens.<\/p>\n\n\n\n<p>Die Prophezeiungen unserer Gro\u00dfeltern erf\u00fcllen sich und wir sind aufgerufen, diese Gig Time umzusetzen. Sie wird der Heilung, dem Frieden und der Vers\u00f6hnung dienen. Der Gro\u00dfvater Lakota Wallace Blake Elk verk\u00fcndet:<\/p>\n\n\n\n<p>\u201eDie Reinigung wird kommen. Die gro\u00dfe Mutter wird uns in ihren Armen halten und unsere Tr\u00e4nen tr\u00e4nken, und der gro\u00dfe Vater wird zwischen uns gehen, und die zerbrochenen Kreise der zerbrochenen St\u00e4dte werden sich wieder bilden.\u201c<\/p>\n\n\n\n<p>Die ganzheitliche Philosophie in den Anden basiert auf der Bedeutung der Wechselbeziehungen und erstreckt sich auf die Menschentypen und Kulturen. Die Paqo-Schamanen erkl\u00e4ren drei Menschentypen:<\/p>\n\n\n\n<p>Es ist wichtig zu wissen, dass Yachay Geist, Munay Liebe und Llankay Arbeit in jedem von uns aktiviert werden m\u00fcssen. Lt. der Andenphilosophie ist keine von ihnen \u00fcberlegen oder wirklich vollst\u00e4ndig. Alle Qualit\u00e4ten erg\u00e4nzen sich, nur wenn alle drei zusammenarbeiten, entsteht eine vereinte Menschheit.<\/p>\n\n\n\n<p>Ungleichgewichte innerhalb der Individuen, innerhalb der getrennten Kulturen und innerhalb der Beziehungen zwischen Menschen m\u00fcssen korrigiert werden.<\/p>\n\n\n\n<p>Wenn der Adler des Nordens und der Kondor des S\u00fcdens gemeinsam fliegen, wird die Erde erwachen. Wir m\u00fcssen der Erde \u201ePachamama\u201c, unser h\u00f6chstes Ayni, anbieten. Als Gemeinschaft und als Einzelpersonen.<\/p>\n\n\n\n<p>Quellen: Americo Yabar \u2013 Dichter und Lehrer, Judith Bluestones \u201eDie R\u00fcckkehr der Kinder des Lichts\u201c.<\/p>\n","protected":false},"excerpt":{"rendered":"<p>Paqo Qero erz\u00e4hlt von der Wiedervereinigung der vier Himmelsrichtungen. Dies ist die Zeit, in der der Gro\u00dfe Adler aus dem Norden und der Gro\u00dfe Kondor aus dem S\u00fcden wieder gemeinsam fliegen (eine Metapher, die sich auf Amerika bezieht: Nordamerika und S\u00fcdamerika). Den alten Aufzeichnungen und der Prophezeiung zufolge wird es im dritten Jahrtausend zu einem &hellip; <a href=\"http:\/\/aura-brain-coaching.at\/?p=367\" class=\"more-link\"><span class=\"screen-reader-text\">Die Prophezeiung von Kondor &#038; Adler<\/span> weiterlesen <span class=\"meta-nav\">&rarr;<\/span><\/a><\/p>\n","protected":false},"author":2,"featured_media":0,"comment_status":"closed","ping_status":"open","sticky":false,"template":"","format":"standard","meta":[],"categories":[1],"tags":[],"_links":{"self":[{"href":"http:\/\/aura-brain-coaching.at\/index.php?rest_route=\/wp\/v2\/posts\/367"}],"collection":[{"href":"http:\/\/aura-brain-coaching.at\/index.php?rest_route=\/wp\/v2\/posts"}],"about":[{"href":"http:\/\/aura-brain-coaching.at\/index.php?rest_route=\/wp\/v2\/types\/post"}],"author":[{"embeddable":true,"href":"http:\/\/aura-brain-coaching.at\/index.php?rest_route=\/wp\/v2\/users\/2"}],"replies":[{"embeddable":true,"href":"http:\/\/aura-brain-coaching.at\/index.php?rest_route=%2Fwp%2Fv2%2Fcomments&post=367"}],"version-history":[{"count":1,"href":"http:\/\/aura-brain-coaching.at\/index.php?rest_route=\/wp\/v2\/posts\/367\/revisions"}],"predecessor-version":[{"id":368,"href":"http:\/\/aura-brain-coaching.at\/index.php?rest_route=\/wp\/v2\/posts\/367\/revisions\/368"}],"wp:attachment":[{"href":"http:\/\/aura-brain-coaching.at\/index.php?rest_route=%2Fwp%2Fv2%2Fmedia&parent=367"}],"wp:term":[{"taxonomy":"category","embeddable":true,"href":"http:\/\/aura-brain-coaching.at\/index.php?rest_route=%2Fwp%2Fv2%2Fcategories&post=367"},{"taxonomy":"post_tag","embeddable":true,"href":"http:\/\/aura-brain-coaching.at\/index.php?rest_route=%2Fwp%2Fv2%2Ftags&post=367"}],"curies":[{"name":"wp","href":"https:\/\/api.w.org\/{rel}","templated":true}]}}